{"id":47918,"date":"2020-05-07T15:17:00","date_gmt":"2020-05-07T18:17:00","guid":{"rendered":"https:\/\/staging.recode.org.br\/360-documentary-produced-by-the-wajapi-ethnicity-talks-about-nature-and-creation\/"},"modified":"2023-03-24T08:52:31","modified_gmt":"2023-03-24T11:52:31","slug":"360-documentary-produced-by-the-wajapi-ethnicity-talks-about-nature-and-creation","status":"publish","type":"post","link":"https:\/\/recode.org.br\/en\/360-documentary-produced-by-the-wajapi-ethnicity-talks-about-nature-and-creation\/","title":{"rendered":"360\u00b0 documentary produced by the Waj\u00e3pi ethnicity talks about nature and creation"},"content":{"rendered":"<div class=\"fusion-fullwidth fullwidth-box fusion-builder-row-1 fusion-flex-container hundred-percent-fullwidth non-hundred-percent-height-scrolling\" style=\"--awb-border-radius-top-left:0px;--awb-border-radius-top-right:0px;--awb-border-radius-bottom-right:0px;--awb-border-radius-bottom-left:0px;--awb-overflow:visible;--awb-flex-wrap:wrap;\" ><div class=\"fusion-builder-row fusion-row fusion-flex-align-items-flex-start fusion-flex-content-wrap\" style=\"width:calc( 100% + 0px ) !important;max-width:calc( 100% + 0px ) !important;margin-left: calc(-0px \/ 2 );margin-right: calc(-0px \/ 2 );\"><div class=\"fusion-layout-column fusion_builder_column fusion-builder-column-0 fusion_builder_column_1_1 1_1 fusion-flex-column fusion-flex-align-self-flex-start fusion-column-no-min-height\" style=\"--awb-bg-size:cover;--awb-width-large:100%;--awb-margin-top-large:0px;--awb-spacing-right-large:0px;--awb-margin-bottom-large:0px;--awb-spacing-left-large:0px;--awb-width-medium:100%;--awb-spacing-right-medium:0px;--awb-spacing-left-medium:0px;--awb-width-small:100%;--awb-spacing-right-small:0px;--awb-spacing-left-small:0px;\"><div class=\"fusion-column-wrapper fusion-flex-justify-content-flex-start fusion-content-layout-column\">[:en]\n\n<p class=\"has-text-align-center\"><em>The project was produced by young people from the Karapijuty village in Amap\u00e1<\/em><\/p>\n\n<p><strong>From the remote village of Karapijuty, in the interior of Amap\u00e1, the first documentary made with 360\u00b0 technology in the state was produced at the end of 2019.<\/strong> &#8220;Dono que a gente n\u00e3o v\u00ea&#8221; (Moma&#8217;e j\u00e3r\u00e3 k\u00f5 jikua\u00ea&#8217;\u00e3 k\u00f5), produced and conceived by Kauri, Motam and Kuripiri Waj\u00e3pi, talks about the creators of the forests, fish, birds, and skies. The intention was to show the world the knowledge of the Waj\u00e3pi people about genesis.<\/p>\n\n<p>&#8220;For the Waj\u00e3pi, there are several different owners, but we don&#8217;t see them. Even so, we have to respect and take care of them. That way, they will take care of us too, and they will not harm us,&#8221; explains Kauri. &#8220;If we don&#8217;t take care of them, they can cut down all the forests, pollute the rivers, get angry and increase health problems for people,&#8221; he adds.<\/p>\n\n<p><strong>The recommendation for young people to participate in the Recode project in partnership with Facebook came from the director of the Aramir\u00e3 Indigenous Education School, Evil\u00e1zio Ribas. The project teaches virtual reality for social impact.<\/strong> After learning how to handle the camera, understanding technology and the editing process, there were seven days of filming in the village. For Kauri, the process was the beginning of something bigger. The young man says he wants to continue producing and already has several ideas.<\/p>\n\n<p>&#8220;The next documentary I want to film the elders and shamans, how they see the world, how they communicate with the owners of each forest, tree, river, animals&#8230; and then translate it into several languages so that more and more people can understand our people,&#8221; concludes Kauri.<\/p>\n\n<p>In April 2020, <strong>the short film was chosen to be part of the new list of 360\u00b0 videos from <a href=\"https:\/\/www.facebook.com\/digitalpromise\/?__tn__=K-R&amp;eid=ARCiOQcFSshjx3_3YdAeLGpdqNRqie4zFwhD4dGq3q-7KeYh6XRhdT0ntw3yttHzVIZlkWtr3rYvImnD&amp;fref=mentions&amp;__xts__%5B0%5D=68.ARAk3JYNmV34hmfIhx8BijI4MUPlRY5CtSZqMpRPE37bgnrlam501Wz0-5iRtGxGC3tD5y1T56oeMz1RLayBNMbAQqwcVq647Db6DH9rv59uRYY1S6D_kTVPY1jgj6UEQQYZsMPb6CHDZkbRDY7hK_CylO_sjHuDjHA9vOglYCQ3rjL05Mz_jHVFDiQ2BLAmttUkbdcR47oXF2xTDbaQcKFM-5iJAJc-QTgZ0_Uru5A23DJx-bRzzRGYR0E86R7RJzWbdhAjOktqHAERC-sjEUdk0YVTyuoocDPo_56KUK3SaneJeiXjAX3ze-WP2BgL2oy8sxtC-W_Rz-Cjfro4EhUne1arypN6J6Le0qF9R-n-Vyy72TNeQmf09mEzkUZo8p7FiIH1Byvj068oKpYMXpNKmPQ1Fhr3vzhaUmfpesa9zy46gGRKSpy2Y1M9cmybZVwJZxCUJChzRBPlfV6AAziJYvpKstpqE93qihrTyH7qV52iikdY0QRV\">Digital Promise<\/a> in partnership with the <a href=\"https:\/\/www.facebook.com\/ONUoficial\/?__tn__=K-R&amp;eid=ARBojqaQTsC1ThDTJaBrjeh63JnnFoz-APWkiE1zVy_Vm33NHMeDJ_BqtFi3_A_DRsxgGzpAtfralM7_&amp;fref=mentions&amp;__xts__%5B0%5D=68.ARAk3JYNmV34hmfIhx8BijI4MUPlRY5CtSZqMpRPE37bgnrlam501Wz0-5iRtGxGC3tD5y1T56oeMz1RLayBNMbAQqwcVq647Db6DH9rv59uRYY1S6D_kTVPY1jgj6UEQQYZsMPb6CHDZkbRDY7hK_CylO_sjHuDjHA9vOglYCQ3rjL05Mz_jHVFDiQ2BLAmttUkbdcR47oXF2xTDbaQcKFM-5iJAJc-QTgZ0_Uru5A23DJx-bRzzRGYR0E86R7RJzWbdhAjOktqHAERC-sjEUdk0YVTyuoocDPo_56KUK3SaneJeiXjAX3ze-WP2BgL2oy8sxtC-W_Rz-Cjfro4EhUne1arypN6J6Le0qF9R-n-Vyy72TNeQmf09mEzkUZo8p7FiIH1Byvj068oKpYMXpNKmPQ1Fhr3vzhaUmfpesa9zy46gGRKSpy2Y1M9cmybZVwJZxCUJChzRBPlfV6AAziJYvpKstpqE93qihrTyH7qV52iikdY0QRV\">UN<\/a>, the My World 360\u00b0.<\/strong> The initiative brings together videos produced by young students from Brazil, Argentina, Panama, Mexico, the United States, South Korea, and India.<\/p>\n\n<p><strong>Check out the 360\u00b0 documentary <a href=\"https:\/\/www.facebook.com\/cineastas360\/videos\/820746608358253\/UzpfSTQwMTg0NTU5ODYxODoxMDE1ODM4MDY0NDE0MzYxOQ\/\" target=\"_blank\" rel=\"noreferrer noopener\">here<\/a>.<\/strong><\/p>\n[:]<\/div><\/div><\/div><\/div>\n","protected":false},"excerpt":{"rendered":"","protected":false},"author":39,"featured_media":44568,"comment_status":"open","ping_status":"open","sticky":false,"template":"","format":"standard","meta":{"inline_featured_image":false,"footnotes":""},"categories":[176],"tags":[],"_links":{"self":[{"href":"https:\/\/recode.org.br\/en\/wp-json\/wp\/v2\/posts\/47918"}],"collection":[{"href":"https:\/\/recode.org.br\/en\/wp-json\/wp\/v2\/posts"}],"about":[{"href":"https:\/\/recode.org.br\/en\/wp-json\/wp\/v2\/types\/post"}],"author":[{"embeddable":true,"href":"https:\/\/recode.org.br\/en\/wp-json\/wp\/v2\/users\/39"}],"replies":[{"embeddable":true,"href":"https:\/\/recode.org.br\/en\/wp-json\/wp\/v2\/comments?post=47918"}],"version-history":[{"count":1,"href":"https:\/\/recode.org.br\/en\/wp-json\/wp\/v2\/posts\/47918\/revisions"}],"predecessor-version":[{"id":47919,"href":"https:\/\/recode.org.br\/en\/wp-json\/wp\/v2\/posts\/47918\/revisions\/47919"}],"wp:featuredmedia":[{"embeddable":true,"href":"https:\/\/recode.org.br\/en\/wp-json\/wp\/v2\/media\/44568"}],"wp:attachment":[{"href":"https:\/\/recode.org.br\/en\/wp-json\/wp\/v2\/media?parent=47918"}],"wp:term":[{"taxonomy":"category","embeddable":true,"href":"https:\/\/recode.org.br\/en\/wp-json\/wp\/v2\/categories?post=47918"},{"taxonomy":"post_tag","embeddable":true,"href":"https:\/\/recode.org.br\/en\/wp-json\/wp\/v2\/tags?post=47918"}],"curies":[{"name":"wp","href":"https:\/\/api.w.org\/{rel}","templated":true}]}}